{"id":45349,"date":"2026-04-27T14:16:27","date_gmt":"2026-04-27T19:16:27","guid":{"rendered":"https:\/\/blog.talk.edu\/abddeki-ingilizce-okullari-icin-f-1-ogrenci-vizesi-adim-adim-kilavuz\/"},"modified":"2026-04-27T14:16:30","modified_gmt":"2026-04-27T19:16:30","slug":"abddeki-ingilizce-okullari-icin-f-1-ogrenci-vizesi-adim-adim-kilavuz","status":"publish","type":"post","link":"https:\/\/blog.talk.edu\/tr\/universite-hayati\/siniflar\/abddeki-ingilizce-okullari-icin-f-1-ogrenci-vizesi-adim-adim-kilavuz\/","title":{"rendered":"ABD&#8217;deki \u0130ngilizce Okullar\u0131 i\u00e7in F-1 \u00d6\u011frenci Vizesi: Ad\u0131m Ad\u0131m K\u0131lavuz"},"content":{"rendered":"<p class=\"font-claude-response-body break-words whitespace-normal leading-[1.7]\">Bir\u00e7ok uluslararas\u0131 \u00f6\u011frenci i\u00e7in <strong>F-1 \u00f6\u011frenci vizesi<\/strong>, ABD&#8217;de \u0130ngilizce \u00f6\u011frenmeye y\u00f6nelik ilk ger\u00e7ek ad\u0131md\u0131r &#8211; ve en kafa kar\u0131\u015ft\u0131r\u0131c\u0131 olan\u0131d\u0131r.<\/p>\n<p class=\"font-claude-response-body break-words whitespace-normal leading-[1.7]\">\u0130yi haber: Ne bekleyece\u011finizi bildi\u011finizde s\u00fcre\u00e7 basittir. Bu k\u0131lavuz, \u00f6zellikle \u0130ngilizce dil programlar\u0131 i\u00e7in F-1 \u00f6\u011frenci vizesinin her ad\u0131m\u0131n\u0131 kapsamaktad\u0131r. <\/p>\n<h2 class=\"text-text-100 mt-3 -mb-1 text-[1.125rem] font-bold\">F-1 \u00d6\u011frenci Vizesi Nedir?<\/h2>\n<p class=\"font-claude-response-body break-words whitespace-normal leading-[1.7]\">F-1, tam zamanl\u0131 akademik programlara kay\u0131tl\u0131 uluslararas\u0131 \u00f6\u011frenciler i\u00e7in resmi ABD \u00f6\u011frenci vizesidir. \u0130ngilizce \u00f6\u011frenenler i\u00e7in, program\u0131n\u0131z \u015f\u00f6yleyse bir F-1&#8217;e ihtiyac\u0131n\u0131z vard\u0131r: <\/p>\n<ul class=\"[li_&amp;]:mb-0 [li_&amp;]:mt-1 [li_&amp;]:gap-1 [&amp;:not(:last-child)_ul]:pb-1 [&amp;:not(:last-child)_ol]:pb-1 list-disc flex flex-col gap-1 pl-8 mb-3\">\n<li class=\"whitespace-normal break-words pl-2\"><strong>Haftada 18 saatten fazla ders<\/strong> veya<\/li>\n<li class=\"whitespace-normal break-words pl-2\"><strong>18 haftadan daha uzun<\/strong><\/li>\n<\/ul>\n<p class=\"font-claude-response-body break-words whitespace-normal leading-[1.7]\">Daha k\u0131sa, s\u0131radan kurslar i\u00e7in B-1\/B-2 turist vizesi yeterli olabilir. Ancak herhangi bir ciddi \u0130ngilizce program\u0131 i\u00e7in F-1 do\u011fru yoldur. <\/p>\n<p><img loading=\"lazy\" class=\"alignnone wp-image-45302\" src=\"https:\/\/blog.talk.edu\/wp-content\/uploads\/\/f-1-student-visa-for-english-schools-in-the-usa_-step-by-step-guide-2-300x169.png\" alt=\"ABD'deki \u0130ngilizce Okullar\u0131 i\u00e7in F-1 \u00d6\u011frenci Vizesi: Ad\u0131m Ad\u0131m K\u0131lavuz\" width=\"976\" height=\"550\" srcset=\"https:\/\/blog.talk.edu\/wp-content\/uploads\/f-1-student-visa-for-english-schools-in-the-usa_-step-by-step-guide-2-300x169.png 300w, https:\/\/blog.talk.edu\/wp-content\/uploads\/f-1-student-visa-for-english-schools-in-the-usa_-step-by-step-guide-2-1024x576.png 1024w, https:\/\/blog.talk.edu\/wp-content\/uploads\/f-1-student-visa-for-english-schools-in-the-usa_-step-by-step-guide-2-768x432.png 768w, https:\/\/blog.talk.edu\/wp-content\/uploads\/f-1-student-visa-for-english-schools-in-the-usa_-step-by-step-guide-2.png 1280w\" sizes=\"(max-width: 976px) 100vw, 976px\" \/><\/p>\n<h2 class=\"text-text-100 mt-3 -mb-1 text-[1.125rem] font-bold\">F-1 Vizenizi Nas\u0131l Alabilirsiniz: 8 Ad\u0131m<\/h2>\n<p class=\"font-claude-response-body break-words whitespace-normal leading-[1.7]\"><strong>Ad\u0131m 1 &#8211; SEVP sertifikal\u0131 bir okul se\u00e7in<\/strong> SEVP (\u00d6\u011frenci ve De\u011fi\u015fim Ziyaret\u00e7isi Program\u0131) bir ABD h\u00fck\u00fcmet sertifikas\u0131d\u0131r. Yaln\u0131zca SEVP sertifikal\u0131 okullar uluslararas\u0131 \u00f6\u011frencileri yasal olarak kaydedebilir ve vizeniz i\u00e7in ihtiyac\u0131n\u0131z olan I-20 formunu d\u00fczenleyebilir. <\/p>\n<p class=\"font-claude-response-body break-words whitespace-normal leading-[1.7]\"><strong>Ad\u0131m 2 &#8211; Ba\u015fvurun ve kabul<\/strong> edilin Ba\u015fvurunuzu ge\u00e7erli bir pasaport, mali kaynak kan\u0131t\u0131 ve doldurulmu\u015f bir ba\u015fvuru formu ile g\u00f6nderin. Baz\u0131 okullar ayr\u0131ca \u0130ngilizce seviye de\u011ferlendirmesi de talep etmektedir. <\/p>\n<p class=\"font-claude-response-body break-words whitespace-normal leading-[1.7]\"><strong>Ad\u0131m 3 &#8211; I-20&#8217;nizi al\u0131n<\/strong> Kabul edildikten sonra okul, kayd\u0131n\u0131z\u0131 onaylayan ve vize ba\u015fvurunuzu destekleyen resmi bir belge olan I-20&#8217;nizi d\u00fczenler.<\/p>\n<p class=\"font-claude-response-body break-words whitespace-normal leading-[1.7]\"><strong>Ad\u0131m 4 &#8211;<\/strong> SEVIS \u00fccretini \u00f6deyin M\u00fclakat\u0131n\u0131zdan \u00f6nce SEVIS \u00fccretini fmjfee.com adresinden online olarak \u00f6demeniz gerekmektedir. \u00dccret \u015fu anda <strong> 350<\/strong> dolard\u0131r ve t\u00fcm F-1 ba\u015fvuru sahipleri i\u00e7in gereklidir. <\/p>\n<p class=\"font-claude-response-body break-words whitespace-normal leading-[1.7]\"><strong>Ad\u0131m 5 &#8211; DS-160 formunu doldurun<\/strong> Bu resmi ABD vize ba\u015fvuru formudur. ceac.state.gov adresinden \u00e7evrimi\u00e7i olarak doldurun. Acele etmeyin &#8211; hatalar ba\u015fvurunuzu geciktirebilir.  <\/p>\n<p class=\"font-claude-response-body break-words whitespace-normal leading-[1.7]\"><strong>Ad\u0131m 6 &#8211; Konsolosluk m\u00fclakat\u0131n\u0131z\u0131 planlay\u0131n<\/strong> En yak\u0131n ABD b\u00fcy\u00fckel\u00e7ili\u011fi veya konsoloslu\u011funda m\u00fclakat\u0131n\u0131z\u0131 ayarlay\u0131n. Bekleme s\u00fcreleri \u00fclkeye g\u00f6re de\u011fi\u015fir, bu nedenle m\u00fcmk\u00fcn oldu\u011funca erken planlay\u0131n. <\/p>\n<p class=\"font-claude-response-body break-words whitespace-normal leading-[1.7]\"><strong>Ad\u0131m 7 &#8211; G\u00f6r\u00fc\u015fmeye kat\u0131l\u0131n<\/strong> Pasaportunuzu, I-20&#8217;nizi, DS-160 onay\u0131n\u0131z\u0131, SEVIS \u00fccret makbuzunuzu ve mali kaynaklar\u0131n\u0131z\u0131n kan\u0131t\u0131n\u0131 getirin. E\u011fitim planlar\u0131n\u0131z hakk\u0131nda d\u00fcr\u00fcst ve net olun. <\/p>\n<p class=\"font-claude-response-body break-words whitespace-normal leading-[1.7]\"><strong>Ad\u0131m 8 &#8211; Vizenizi al\u0131n ve seyahat edin<\/strong> Onayland\u0131ktan sonra vizeniz pasaportunuza damgalanacakt\u0131r. ABD&#8217;ye vard\u0131\u011f\u0131n\u0131zda F-1 stat\u00fcn\u00fcz aktif hale gelir. <\/p>\n<h2 class=\"text-text-100 mt-3 -mb-1 text-[1.125rem] font-bold\">S\u00fcre\u00e7 Ne Kadar S\u00fcr\u00fcyor?<\/h2>\n<p class=\"font-claude-response-body break-words whitespace-normal leading-[1.7]\">T\u00fcm s\u00fcre\u00e7 genellikle <strong>6 ila 12 hafta<\/strong> s\u00fcrer. Bu nedenle, planlad\u0131\u011f\u0131n\u0131z ba\u015flang\u0131\u00e7 tarihinden en az <strong>3 ay \u00f6nce<\/strong> ba\u015flaman\u0131z \u015fiddetle tavsiye edilir. Konsolosluk bekleme s\u00fcreleri \u00fclkeye g\u00f6re \u00f6nemli \u00f6l\u00e7\u00fcde de\u011fi\u015fir ve zaman \u00e7izelgenizdeki en b\u00fcy\u00fck fakt\u00f6r olabilir.  <\/p>\n<p><img loading=\"lazy\" class=\"alignnone wp-image-45332\" src=\"https:\/\/blog.talk.edu\/wp-content\/uploads\/\/talk-schools-english-school-usa-300x169.png\" alt=\"ABD'deki \u0130ngilizce Okullar\u0131 i\u00e7in F-1 \u00d6\u011frenci Vizesi: Ad\u0131m Ad\u0131m K\u0131lavuz\" width=\"1044\" height=\"588\" srcset=\"https:\/\/blog.talk.edu\/wp-content\/uploads\/talk-schools-english-school-usa-300x169.png 300w, https:\/\/blog.talk.edu\/wp-content\/uploads\/talk-schools-english-school-usa-1024x576.png 1024w, https:\/\/blog.talk.edu\/wp-content\/uploads\/talk-schools-english-school-usa-768x432.png 768w, https:\/\/blog.talk.edu\/wp-content\/uploads\/talk-schools-english-school-usa.png 1280w\" sizes=\"(max-width: 1044px) 100vw, 1044px\" \/><\/p>\n<h2 class=\"text-text-100 mt-3 -mb-1 text-[1.125rem] font-bold\">Vize Reddinin Yayg\u0131n Nedenleri<\/h2>\n<p class=\"font-claude-response-body break-words whitespace-normal leading-[1.7]\"><strong>F-1 \u00f6\u011frenci vizesi ABD<\/strong> retlerinin \u00e7o\u011fu \u00fc\u00e7 nedenden biri nedeniyle ger\u00e7ekle\u015fir:<\/p>\n<ul class=\"[li_&amp;]:mb-0 [li_&amp;]:mt-1 [li_&amp;]:gap-1 [&amp;:not(:last-child)_ul]:pb-1 [&amp;:not(:last-child)_ol]:pb-1 list-disc flex flex-col gap-1 pl-8 mb-3\">\n<li class=\"whitespace-normal break-words pl-2\"><strong>Yetersiz mali kan\u0131t<\/strong> &#8211; \u00f6\u011frenim ve ya\u015fam masraflar\u0131n\u0131 kar\u015f\u0131layabilece\u011finizi g\u00f6stermeniz gerekir<\/li>\n<li class=\"whitespace-normal break-words pl-2\"><strong>Kendi \u00fclkenizle ba\u011flar\u0131n\u0131z\u0131n zay\u0131f olmas\u0131<\/strong> &#8211; konsolosluk g\u00f6revlileri geri d\u00f6nmeyi planlad\u0131\u011f\u0131n\u0131z\u0131 g\u00f6rmek ister<\/li>\n<li class=\"whitespace-normal break-words pl-2\"><strong>Eksik veya tutars\u0131z belgeler<\/strong> &#8211; m\u00fclakat\u0131n\u0131zdan \u00f6nce her \u015feyi iki kez kontrol edin<\/li>\n<\/ul>\n<h2 class=\"text-text-100 mt-3 -mb-1 text-[1.125rem] font-bold\">Ba\u015flamaya Haz\u0131r m\u0131s\u0131n\u0131z?<\/h2>\n<p class=\"font-claude-response-body break-words whitespace-normal leading-[1.7]\">F-1 s\u00fcreci y\u00f6netilebilir &#8211; \u00f6zellikle de size rehberlik eden do\u011fru okula sahipseniz.<\/p>\n<p class=\"font-claude-response-body break-words whitespace-normal leading-[1.7]\">TALK Okullar\u0131 SEVP onayl\u0131 ve ACCET akreditasyonludur. Kabul edildikten sonra ekip, t\u00fcm I-20 s\u00fcreci boyunca size yard\u0131mc\u0131 olur, b\u00f6ylece program\u0131n\u0131za haz\u0131rlanmaya odaklanabilirsiniz. <\/p>\n<p class=\"font-claude-response-body break-words whitespace-normal leading-[1.7]\">\ud83d\udce3 <strong><a class=\"underline underline underline-offset-2 decoration-1 decoration-current\/40 hover:decoration-current focus:decoration-current\" href=\"https:\/\/www.talk.edu\/promo-en\/\">Ba\u015fvurunuzu ba\u015flatmak ve I-20&#8217;nizi almak i\u00e7in TALK Okullar\u0131 ile ileti\u015fime ge\u00e7in.<\/a><\/strong><\/p>\n<h2 class=\"text-text-100 mt-3 -mb-1 text-[1.125rem] font-bold\">S\u0131k\u00e7a Sorulan Sorular<\/h2>\n<h3 class=\"font-claude-response-body break-words whitespace-normal leading-[1.7]\"><strong>Amerika Birle\u015fik Devletleri&#8217;nde \u0130ngilizce e\u011fitimi almak i\u00e7in hangi vizeye ihtiyac\u0131m var?<\/strong><\/h3>\n<p class=\"font-claude-response-body break-words whitespace-normal leading-[1.7]\">\u00c7o\u011fu \u00f6\u011frencinin F-1 \u00f6\u011frenci vizesine ihtiyac\u0131 vard\u0131r. Haftada 18 saatten fazla veya 18 haftadan uzun tam zamanl\u0131 programlar i\u00e7in gereklidir. <\/p>\n<h3 class=\"font-claude-response-body break-words whitespace-normal leading-[1.7]\"><strong>I-20 formu nedir ve nas\u0131l alabilirim?<\/strong><\/h3>\n<p class=\"font-claude-response-body break-words whitespace-normal leading-[1.7]\">I-20, kabul edildikten sonra okulunuz taraf\u0131ndan verilen resmi bir kay\u0131t belgesidir. F-1 vizesine ba\u015fvurmak i\u00e7in gereklidir. <\/p>\n<h3 class=\"font-claude-response-body break-words whitespace-normal leading-[1.7]\"><strong>ABD&#8217;de turist vizesiyle (B-1\/B-2) \u0130ngilizce e\u011fitimi alabilir miyim?<\/strong><\/h3>\n<p class=\"font-claude-response-body break-words whitespace-normal leading-[1.7]\">Sadece k\u0131sa, e\u011flence ama\u00e7l\u0131 dersler i\u00e7in. Tam zamanl\u0131 bir \u0130ngilizce program\u0131 i\u00e7in turist vizesi yeterli de\u011fildir. <\/p>\n<h3 class=\"font-claude-response-body break-words whitespace-normal leading-[1.7]\"><strong>ABD i\u00e7in \u00f6\u011frenci vizesi almak ne kadar s\u00fcrer?<\/strong><\/h3>\n<p class=\"font-claude-response-body break-words whitespace-normal leading-[1.7]\"><strong>F-1 \u00f6\u011frenci vizesi ABD<\/strong> s\u00fcreci genellikle ba\u015ftan sona 6 ila 12 hafta s\u00fcrer.<\/p>\n<h3 class=\"font-claude-response-body break-words whitespace-normal leading-[1.7]\"><strong>Amerika Birle\u015fik Devletleri&#8217;nde bir \u0130ngilizce okuluna ba\u015fvurmak i\u00e7in hangi belgelere ihtiyac\u0131m var?<\/strong><\/h3>\n<p class=\"font-claude-response-body break-words whitespace-normal leading-[1.7]\">Ge\u00e7erli bir pasaport, mali kaynak kan\u0131t\u0131, doldurulmu\u015f bir ba\u015fvuru formu ve bazen bir \u0130ngilizce seviye de\u011ferlendirmesi.<\/p>\n<h3 class=\"font-claude-response-body break-words whitespace-normal leading-[1.7]\"><strong>ABD&#8217;de F-1 vizesiyle \u0130ngilizce e\u011fitimi al\u0131rken \u00e7al\u0131\u015fabilir miyim?<\/strong><\/h3>\n<p class=\"font-claude-response-body break-words whitespace-normal leading-[1.7]\">F-1 \u00f6\u011frencilerinin genellikle ilk y\u0131llar\u0131nda kamp\u00fcs d\u0131\u015f\u0131nda \u00e7al\u0131\u015fmalar\u0131na izin verilmez. Kamp\u00fcs i\u00e7i \u00e7al\u0131\u015fmaya belirli ko\u015fullar alt\u0131nda izin verilebilir. <\/p>\n<h3 class=\"font-claude-response-body break-words whitespace-normal leading-[1.7]\"><strong>ABD&#8217;de 3 ay \u0130ngilizce e\u011fitimi almak istiyorum &#8211; hangi vizeye ihtiyac\u0131m var?<\/strong><\/h3>\n<p class=\"font-claude-response-body break-words whitespace-normal leading-[1.7]\">Program\u0131n\u0131z tam zamanl\u0131 ve haftada 18 saatin \u00fczerindeyse, F-1 vizesine ihtiyac\u0131n\u0131z vard\u0131r. S\u0131radan, yar\u0131 zamanl\u0131 bir kurs ise, B-1\/B-2 turist vizesi yeterli olabilir. <\/p>\n<h3 class=\"font-claude-response-body break-words whitespace-normal leading-[1.7]\"><strong>Daha \u00f6nce ABD&#8217;ye hi\u00e7 seyahat etmediysem F-1 vizesi almak karma\u015f\u0131k m\u0131d\u0131r?<\/strong><\/h3>\n<p class=\"font-claude-response-body break-words whitespace-normal leading-[1.7]\">\u015eart de\u011fil. \u0130lk kez ba\u015fvuranlar yine de onaylanabilir. G\u00fc\u00e7l\u00fc mali kan\u0131tlar ve net \u00e7al\u0131\u015fma planlar\u0131 en \u00f6nemli fakt\u00f6rlerdir.  <\/p>\n<h3 class=\"font-claude-response-body break-words whitespace-normal leading-[1.7]\"><strong>\u0130ngilizce e\u011fitimime devam etmek istersem ABD&#8217;de kal\u0131\u015f s\u00fcremi uzatabilir miyim?<\/strong><\/h3>\n<p class=\"font-claude-response-body break-words whitespace-normal leading-[1.7]\">Evet. Okulunuz, tam zamanl\u0131 olarak kay\u0131tl\u0131 kald\u0131\u011f\u0131n\u0131z s\u00fcrece F-1 stat\u00fcn\u00fcze devam etmenizi sa\u011flayan I-20&#8217;nizi uzatabilir. <\/p>\n<h3 class=\"font-claude-response-body break-words whitespace-normal leading-[1.7]\"><strong>Vizem reddedildi &#8211; ne yapabilirim?<\/strong><\/h3>\n<p class=\"font-claude-response-body break-words whitespace-normal leading-[1.7]\">Reddedilme nedeninizi g\u00f6zden ge\u00e7irin, \u00f6zellikle mali kan\u0131tlar ve \u00fclkenizle olan ba\u011flar\u0131n\u0131z gibi zay\u0131f alanlar\u0131n\u0131z\u0131 g\u00fc\u00e7lendirin ve yeniden ba\u015fvurun.<\/p>\n<h3 class=\"font-claude-response-body break-words whitespace-normal leading-[1.7]\"><strong>ABD&#8217;de bir \u0130ngilizce okuluna kaydolmak i\u00e7in TOEFL veya IELTS puan\u0131na ihtiyac\u0131m var m\u0131?<\/strong><\/h3>\n<p class=\"font-claude-response-body break-words whitespace-normal leading-[1.7]\">\u0130ngilizce dil okullar\u0131 genellikle kabul i\u00e7in TOEFL veya IELTS istemez. Bu s\u0131navlar \u0130ngilizce okullar\u0131 i\u00e7in de\u011fil, \u00fcniversite programlar\u0131 i\u00e7in gereklidir.  <\/p>\n<h3 class=\"font-claude-response-body break-words whitespace-normal leading-[1.7]\"><strong>SEVP nedir ve neden \u00f6nemlidir?<\/strong><\/h3>\n<p class=\"font-claude-response-body break-words whitespace-normal leading-[1.7]\">SEVP, okullar\u0131n uluslararas\u0131 \u00f6\u011frencileri yasal olarak kaydetmesine izin veren bir ABD h\u00fck\u00fcmeti sertifikas\u0131d\u0131r. F-1 vizeniz i\u00e7in gerekli olan I-20 formunu yaln\u0131zca SEVP sertifikal\u0131 okullar d\u00fczenleyebilir. SEVP sertifikas\u0131 olmadan, bir okul <strong>F-1 \u00f6\u011frenci vizesi ABD<\/strong> ba\u015fvurunuzu destekleyemez.  <\/p>\n<p>TALK Okullar\u0131 SEVP sertifikal\u0131 ve ACCET akreditasyonludur, bu da ekibin I-20&#8217;nizi d\u00fczenleyebilece\u011fi ve <strong>F-1 \u00f6\u011frenci vizesi ABD<\/strong> s\u00fcrecinin her ad\u0131m\u0131nda size rehberlik edebilece\u011fi anlam\u0131na gelir.<\/p>\n<p><img loading=\"lazy\" class=\"alignnone wp-image-45322\" src=\"https:\/\/blog.talk.edu\/wp-content\/uploads\/\/talk-schools-english-school-usa-2-300x169.png\" alt=\"ABD'deki \u0130ngilizce Okullar\u0131 i\u00e7in F-1 \u00d6\u011frenci Vizesi: Ad\u0131m Ad\u0131m K\u0131lavuz\" width=\"1109\" height=\"625\" srcset=\"https:\/\/blog.talk.edu\/wp-content\/uploads\/talk-schools-english-school-usa-2-300x169.png 300w, https:\/\/blog.talk.edu\/wp-content\/uploads\/talk-schools-english-school-usa-2-1024x576.png 1024w, https:\/\/blog.talk.edu\/wp-content\/uploads\/talk-schools-english-school-usa-2-768x432.png 768w, https:\/\/blog.talk.edu\/wp-content\/uploads\/talk-schools-english-school-usa-2.png 1280w\" sizes=\"(max-width: 1109px) 100vw, 1109px\" \/><\/p>\n<p class=\"font-claude-response-body break-words whitespace-normal leading-[1.7]\">TALK <strong>Okullar\u0131 Hakk\u0131nda<\/strong> TALK Okullar\u0131, ABD&#8217;de Miami, Boston, Atlanta, Fort Lauderdale ve Aventura olmak \u00fczere be\u015f kamp\u00fcste \u0130ngilizce programlar\u0131, Mesleki Geli\u015fim Programlar\u0131, Lise Tamamlama ve Pathway haz\u0131rl\u0131k programlar\u0131 sunmaktad\u0131r. Dersler her Pazartesi ba\u015flar.   <a class=\"underline underline underline-offset-2 decoration-1 decoration-current\/40 hover:decoration-current focus:decoration-current\" href=\"https:\/\/www.talk.edu\">talk.edu adresinden daha fazla bilgi edinin.<\/a><\/p>\n<p class=\"font-claude-response-body break-words whitespace-normal leading-[1.7]\"><em>Yay\u0131nland\u0131: 1 Nisan 2025<\/em> <em>Kategori \u0130ngilizce \u00d6\u011fren<\/em> <em>Yazar Des Levin<\/em><\/p>\n","protected":false},"excerpt":{"rendered":"<p>Bir\u00e7ok uluslararas\u0131 \u00f6\u011frenci i\u00e7in F-1 \u00f6\u011frenci vizesi, ABD&#8217;de \u0130ngilizce \u00f6\u011frenmeye y\u00f6nelik ilk ger\u00e7ek ad\u0131md\u0131r &#8211; ve en kafa kar\u0131\u015ft\u0131r\u0131c\u0131 olan\u0131d\u0131r. \u0130yi haber: Ne bekleyece\u011finizi bildi\u011finizde s\u00fcre\u00e7 basittir. Bu k\u0131lavuz, \u00f6zellikle \u0130ngilizce dil programlar\u0131 i\u00e7in F-1 \u00f6\u011frenci vizesinin her ad\u0131m\u0131n\u0131 kapsamaktad\u0131r. F-1 \u00d6\u011frenci Vizesi Nedir? F-1, tam zamanl\u0131 akademik programlara kay\u0131tl\u0131 uluslararas\u0131 \u00f6\u011frenciler i\u00e7in resmi ABD [&hellip;]<\/p>\n","protected":false},"author":39,"featured_media":45320,"comment_status":"open","ping_status":"open","sticky":false,"template":"","format":"standard","meta":[],"categories":[12728],"tags":[21064,21065,21067,21066],"yst_prominent_words":[8814,9125,9109,9105,9117,9104,9720,9182,9132],"_links":{"self":[{"href":"https:\/\/blog.talk.edu\/tr\/wp-json\/wp\/v2\/posts\/45349"}],"collection":[{"href":"https:\/\/blog.talk.edu\/tr\/wp-json\/wp\/v2\/posts"}],"about":[{"href":"https:\/\/blog.talk.edu\/tr\/wp-json\/wp\/v2\/types\/post"}],"author":[{"embeddable":true,"href":"https:\/\/blog.talk.edu\/tr\/wp-json\/wp\/v2\/users\/39"}],"replies":[{"embeddable":true,"href":"https:\/\/blog.talk.edu\/tr\/wp-json\/wp\/v2\/comments?post=45349"}],"version-history":[{"count":1,"href":"https:\/\/blog.talk.edu\/tr\/wp-json\/wp\/v2\/posts\/45349\/revisions"}],"predecessor-version":[{"id":45353,"href":"https:\/\/blog.talk.edu\/tr\/wp-json\/wp\/v2\/posts\/45349\/revisions\/45353"}],"wp:featuredmedia":[{"embeddable":true,"href":"https:\/\/blog.talk.edu\/tr\/wp-json\/wp\/v2\/media\/45320"}],"wp:attachment":[{"href":"https:\/\/blog.talk.edu\/tr\/wp-json\/wp\/v2\/media?parent=45349"}],"wp:term":[{"taxonomy":"category","embeddable":true,"href":"https:\/\/blog.talk.edu\/tr\/wp-json\/wp\/v2\/categories?post=45349"},{"taxonomy":"post_tag","embeddable":true,"href":"https:\/\/blog.talk.edu\/tr\/wp-json\/wp\/v2\/tags?post=45349"},{"taxonomy":"yst_prominent_words","embeddable":true,"href":"https:\/\/blog.talk.edu\/tr\/wp-json\/wp\/v2\/yst_prominent_words?post=45349"}],"curies":[{"name":"wp","href":"https:\/\/api.w.org\/{rel}","templated":true}]}}