{"id":43767,"date":"2024-12-13T10:55:58","date_gmt":"2024-12-13T15:55:58","guid":{"rendered":"https:\/\/blog.talk.edu\/kara-cumanin-kokenleri\/"},"modified":"2024-12-13T10:55:58","modified_gmt":"2024-12-13T15:55:58","slug":"kara-cumanin-kokenleri","status":"publish","type":"post","link":"https:\/\/blog.talk.edu\/tr\/universite-hayati\/kara-cumanin-kokenleri\/","title":{"rendered":"Kara Cuma&#8217;n\u0131n K\u00f6kenleri"},"content":{"rendered":"<p>Her Kas\u0131m ay\u0131nda, ABD&#8217;de al\u0131\u015fveri\u015f yapanlar y\u0131l\u0131n en \u00f6nemli pazarl\u0131k av\u0131n\u0131 bekler. <a href=\"\/learn-english\/?cat_ID=855\">Kara Cuma<\/a> ay\u0131n d\u00f6rd\u00fcnc\u00fc Cuma g\u00fcn\u00fcd\u00fcr: yani \u015e\u00fckran G\u00fcn\u00fc&#8217;nden sonraki g\u00fcn. Haz\u0131rl\u0131k, en sad\u0131k pazarl\u0131k avc\u0131lar\u0131n\u0131n sabah kap\u0131lar\u0131n a\u00e7\u0131lmas\u0131n\u0131 beklemek ve en iyi pazarl\u0131klardan yararlanmak i\u00e7in b\u00fcy\u00fck ma\u011fazalar\u0131n \u00f6n\u00fcnde kamp kurdu\u011fu bir gece \u00f6ncesinden ba\u015flar. <a href=\"https:\/\/www.jacobinmag.com\/2014\/11\/the-meaning-of-black-friday\/\">Kara Cuma<\/a>, ABD&#8217;deki en b\u00fcy\u00fck ve en pop\u00fcler al\u0131\u015fveri\u015f g\u00fcn\u00fc olarak bilinmektedir. Ayn\u0131 zamanda Noel al\u0131\u015fveri\u015f sezonunu ba\u015flatan g\u00fcn olarak da bilinir.  <\/p>\n<p><strong><img loading=\"lazy\" class=\"alignright size-medium wp-image-16062\" src=\"https:\/\/blog.talk.edu\/wp-content\/uploads\/\/bf-300x168.jpg\" alt=\"kara cuma\" width=\"300\" height=\"168\" srcset=\"https:\/\/blog.talk.edu\/wp-content\/uploads\/bf-300x168.jpg 300w, https:\/\/blog.talk.edu\/wp-content\/uploads\/bf-768x429.jpg 768w, https:\/\/blog.talk.edu\/wp-content\/uploads\/bf.jpg 800w\" sizes=\"(max-width: 300px) 100vw, 300px\" \/>Kara Cuma K\u00f6kenleri<\/strong><\/p>\n<p>Kara Cuma&#8217;n\u0131n \u015e\u00fckran G\u00fcn\u00fc&#8217;ndeki ge\u00e7it t\u00f6renleriyle ba\u015flad\u0131\u011f\u0131na inan\u0131l\u0131yor. Bir\u00e7ok b\u00fcy\u00fck ma\u011faza kendilerini tan\u0131tmak i\u00e7in bu ge\u00e7it t\u00f6renlerine sponsor oldu, ancak ge\u00e7it t\u00f6renleri tamamlanana kadar Noel reklamlar\u0131n\u0131n ba\u015flamamas\u0131 bir kurald\u0131. Bu y\u00fczden perakendeciler ertesi g\u00fcn b\u00fcy\u00fck indirimler sunan b\u00fcy\u00fck reklam kampanyalar\u0131 ba\u015flatt\u0131lar. B\u00f6ylece \u015e\u00fckran G\u00fcn\u00fc&#8217;nden sonraki Cuma, pazarl\u0131k avc\u0131lar\u0131n\u0131n ma\u011fazalara ak\u0131n etti\u011fi g\u00fcn haline geldi.   <\/p>\n<p><strong>Kara Cuma&#8217;ya Neden &#8220;Kara&#8221; Cuma Deniyor?<\/strong><\/p>\n<p>1960&#8217;l\u0131 y\u0131llar\u0131n ba\u015flar\u0131nda Philadelphia polis te\u015fkilat\u0131 \u015e\u00fckran G\u00fcn\u00fc&#8217;nden sonraki g\u00fcn\u00fc Kara Cuma olarak adland\u0131r\u0131yordu. Bunun nedeni al\u0131\u015fveri\u015f b\u00f6lgesindeki yaya trafi\u011finin ve trafik s\u0131k\u0131\u015f\u0131kl\u0131\u011f\u0131n\u0131n artmas\u0131yd\u0131. Polis, taksi \u015fof\u00f6rleri, otob\u00fcs \u015fof\u00f6rleri ve yayalarla dolu caddelerde ilerlemeye \u00e7al\u0131\u015fan di\u011ferleri i\u00e7in o g\u00fcn kasvetli ya da siyah bir g\u00fcnd\u00fc. Kara Cuma&#8217;n\u0131n yaratt\u0131\u011f\u0131 heyecan, perakendecilerin sundu\u011fu kap\u0131 gibi indirimli fiyatlardan kaynaklan\u0131yor &#8211; indirimler %50&#8217;den %80&#8217;e kadar \u00e7\u0131kabiliyor. Perakendeciler a\u015fa\u011f\u0131daki gibi \u00e7e\u015fitli teknikler kullanarak aciliyet hissi yaratmaktad\u0131r:  <\/p>\n<ul>\n<li>G\u00fcn\u00fcn belirli saatlerinde g\u00fcl\u00fcn\u00e7 derecede d\u00fc\u015f\u00fck fiyatlarla reklam vermek.<\/li>\n<li>Sadece bir saat s\u00fcren belirli indirimler sunmak.<\/li>\n<li>Belirli bir \u00fcr\u00fcn\u00fcn s\u0131n\u0131rl\u0131 say\u0131da \u00f6zel sat\u0131n alma fiyat\u0131yla sunulmas\u0131.<\/li>\n<li>Baz\u0131 mallar\u0131n ger\u00e7ek maliyetinden daha d\u00fc\u015f\u00fck fiyatland\u0131r\u0131lmas\u0131.<\/li>\n<\/ul>\n<p><strong>Kara Cuma&#8217;n\u0131n K\u00f6t\u00fc Yanlar\u0131<\/strong><\/p>\n<p>Kara Cuma pazarl\u0131k yapmak i\u00e7in harika bir zaman olsa da, dezavantajlar\u0131 da vard\u0131r &#8211; insanlar\u0131n di\u011fer al\u0131\u015fveri\u015f\u00e7ileri kenara itmesi, isim takma, izdiham ve hatta yaralanma olaylar\u0131 olduk\u00e7a yayg\u0131nd\u0131r. Bu nedenle, Kara Cuma indirimlerine kat\u0131lmak isterken, bu potansiyel durumlardan ka\u00e7\u0131n\u0131n, b\u00f6ylece bu s\u00fcre\u00e7te zarar g\u00f6rmeden e\u011flenceli bir al\u0131\u015fveri\u015f deneyimi ya\u015fars\u0131n\u0131z! <\/p>\n","protected":false},"excerpt":{"rendered":"<p>Her Kas\u0131m ay\u0131nda, ABD&#8217;de al\u0131\u015fveri\u015f yapanlar y\u0131l\u0131n en \u00f6nemli pazarl\u0131k av\u0131n\u0131 bekler. Kara Cuma ay\u0131n d\u00f6rd\u00fcnc\u00fc Cuma g\u00fcn\u00fcd\u00fcr: yani \u015e\u00fckran G\u00fcn\u00fc&#8217;nden sonraki g\u00fcn. Haz\u0131rl\u0131k, en sad\u0131k pazarl\u0131k avc\u0131lar\u0131n\u0131n sabah kap\u0131lar\u0131n a\u00e7\u0131lmas\u0131n\u0131 beklemek ve en iyi pazarl\u0131klardan yararlanmak i\u00e7in b\u00fcy\u00fck ma\u011fazalar\u0131n \u00f6n\u00fcnde kamp kurdu\u011fu bir gece \u00f6ncesinden ba\u015flar. Kara Cuma, ABD&#8217;deki en b\u00fcy\u00fck ve en pop\u00fcler [&hellip;]<\/p>\n","protected":false},"author":14,"featured_media":43769,"comment_status":"open","ping_status":"open","sticky":false,"template":"","format":"standard","meta":[],"categories":[13080],"tags":[],"yst_prominent_words":[2283,4617,4616,3296,1723,4615,3199,4623,4619,4620,4624,4243,4621,4618,4625,3294,1567,4622,1941],"_links":{"self":[{"href":"https:\/\/blog.talk.edu\/tr\/wp-json\/wp\/v2\/posts\/43767"}],"collection":[{"href":"https:\/\/blog.talk.edu\/tr\/wp-json\/wp\/v2\/posts"}],"about":[{"href":"https:\/\/blog.talk.edu\/tr\/wp-json\/wp\/v2\/types\/post"}],"author":[{"embeddable":true,"href":"https:\/\/blog.talk.edu\/tr\/wp-json\/wp\/v2\/users\/14"}],"replies":[{"embeddable":true,"href":"https:\/\/blog.talk.edu\/tr\/wp-json\/wp\/v2\/comments?post=43767"}],"version-history":[{"count":0,"href":"https:\/\/blog.talk.edu\/tr\/wp-json\/wp\/v2\/posts\/43767\/revisions"}],"wp:featuredmedia":[{"embeddable":true,"href":"https:\/\/blog.talk.edu\/tr\/wp-json\/wp\/v2\/media\/43769"}],"wp:attachment":[{"href":"https:\/\/blog.talk.edu\/tr\/wp-json\/wp\/v2\/media?parent=43767"}],"wp:term":[{"taxonomy":"category","embeddable":true,"href":"https:\/\/blog.talk.edu\/tr\/wp-json\/wp\/v2\/categories?post=43767"},{"taxonomy":"post_tag","embeddable":true,"href":"https:\/\/blog.talk.edu\/tr\/wp-json\/wp\/v2\/tags?post=43767"},{"taxonomy":"yst_prominent_words","embeddable":true,"href":"https:\/\/blog.talk.edu\/tr\/wp-json\/wp\/v2\/yst_prominent_words?post=43767"}],"curies":[{"name":"wp","href":"https:\/\/api.w.org\/{rel}","templated":true}]}}