{"id":42916,"date":"2024-12-13T10:53:06","date_gmt":"2024-12-13T15:53:06","guid":{"rendered":"https:\/\/blog.talk.edu\/babalar-gunu\/"},"modified":"2024-12-13T10:53:06","modified_gmt":"2024-12-13T15:53:06","slug":"babalar-gunu","status":"publish","type":"post","link":"https:\/\/blog.talk.edu\/tr\/universite-hayati\/babalar-gunu\/","title":{"rendered":"Babalar G\u00fcn\u00fc"},"content":{"rendered":"<p>Pek az\u0131m\u0131z May\u0131s ay\u0131nda kutlanan Anneler G\u00fcn\u00fc&#8217;n\u00fc g\u00f6rmezden gelebiliriz. Babalar G\u00fcn\u00fc, Amerika Birle\u015fik Devletleri&#8217;nde Haziran ay\u0131n\u0131n \u00fc\u00e7\u00fcnc\u00fc Pazar g\u00fcn\u00fcne denk gelmektedir. Babalar\u0131 onurland\u0131rma g\u00fcn\u00fc 1910 y\u0131l\u0131nda ilan edilmi\u015f olsa da, Anneler G\u00fcn\u00fc&#8217;n\u00fcn resmiyet kazanmas\u0131ndan 58 y\u0131l sonra, 1972 y\u0131l\u0131na kadar \u00fclke \u00e7ap\u0131nda bir tatil g\u00fcn\u00fc haline getirilmemi\u015ftir. 1920&#8217;lerde ve 30&#8217;larda iki g\u00fcn\u00fc birle\u015ftirerek &#8220;Ebeveynler G\u00fcn\u00fc&#8221; olu\u015fturmak i\u00e7in bir hareket oldu\u011fu az bilinen bir ger\u00e7ektir, ancak ticarile\u015fme bu niyetlerin \u00f6n\u00fcne ge\u00e7mi\u015ftir \u00e7\u00fcnk\u00fc iki hediye alma f\u0131rsat\u0131 perakendecilere bir taneden daha iyi hizmet etmi\u015ftir! Bu y\u0131l, 21 Haziran Pazar g\u00fcn\u00fc, \u00e7ocuk yeti\u015ftirme ve toplumdaki gen\u00e7lere rol model olma rolleri i\u00e7in Babalara minnettarl\u0131\u011f\u0131m\u0131z\u0131 ifade ediyoruz. Babalar G\u00fcn\u00fc hi\u00e7bir zaman Anneler G\u00fcn\u00fc kadar ilgi g\u00f6rmedi, bunun nedeni muhtemelen bir \u00e7i\u00e7ek\u00e7inin de a\u00e7\u0131klad\u0131\u011f\u0131 gibi &#8220;babalar\u0131n annelerin sahip oldu\u011fu duygusal \u00e7ekicili\u011fe sahip olmamas\u0131&#8221;. Ger\u00e7ekten de pek \u00e7ok erkek bu g\u00fcn\u00fc kendi zevklerine g\u00f6re biraz fazla duygusal buluyor ve ironik bir \u015fekilde Babalar G\u00fcn\u00fc&#8217;n\u00fcn daha pop\u00fcler olmamas\u0131n\u0131n ana nedeni de bu olsa gerek! Buna ra\u011fmen, Amerikal\u0131lar her y\u0131l babalar i\u00e7in milyonlarca hediye ve kutlama harcamas\u0131 yap\u0131yor.   <\/p>\n<p><img loading=\"lazy\" class=\"alignleft size-full wp-image-12039\" src=\"https:\/\/blog.talk.edu\/wp-content\/uploads\/you-da-man-fathers-day-card-e1431640430274.jpg\" alt=\"Babalar G\u00fcn\u00fc, Amerika Birle\u015fik Devletleri'nde Haziran ay\u0131n\u0131n \u00fc\u00e7\u00fcnc\u00fc Pazar g\u00fcn\u00fcne denk gelmektedir. Babalar\u0131 onurland\u0131rma g\u00fcn\u00fc 1910 y\u0131l\u0131nda ilan edilmi\u015f olsa da, 1972 y\u0131l\u0131na kadar \u00fclke \u00e7ap\u0131nda bir tatil haline getirilmemi\u015ftir\" width=\"401\" height=\"320\"><\/p>\n<p>&nbsp;<\/p>\n<p>Peki, babalar\u0131m\u0131za ve baba fig\u00fcrlerine \u00e7i\u00e7ek hediye edemiyorsak, bu geleneksel sevgi g\u00f6sterisinin yerini ne al\u0131r? Babaya en \u00e7ok c\u00fczdan, \u00e7orap, spor aksesuarlar\u0131 gibi e\u015fyalar ve i\u00e7ten duygularla dolu bir tebrik kart\u0131 verilir. Babaya yatakta kahvalt\u0131 vermek, en sevdi\u011fi ma\u00e7\u0131 izleme iste\u011fini yerine getirmek veya onu en sevdi\u011fi restorana g\u00f6t\u00fcrmek gibi jestler kesinlikle g\u00fcn\u00fc daha az ticari ve daha anlaml\u0131 hale getirmeye yard\u0131mc\u0131 olur &#8211; bu da herkesin ve her baban\u0131n kesinlikle takdir edece\u011fi bir \u015feydir. Her yerdeki babalara &#8211; Babalar G\u00fcn\u00fcn\u00fcz kutlu olsun!  <\/p>\n<p>&nbsp;<\/p>\n<p>&nbsp;<\/p>\n","protected":false},"excerpt":{"rendered":"<p>Pek az\u0131m\u0131z May\u0131s ay\u0131nda kutlanan Anneler G\u00fcn\u00fc&#8217;n\u00fc g\u00f6rmezden gelebiliriz. Babalar G\u00fcn\u00fc, Amerika Birle\u015fik Devletleri&#8217;nde Haziran ay\u0131n\u0131n \u00fc\u00e7\u00fcnc\u00fc Pazar g\u00fcn\u00fcne denk gelmektedir. Babalar\u0131 onurland\u0131rma g\u00fcn\u00fc 1910 y\u0131l\u0131nda ilan edilmi\u015f olsa da, Anneler G\u00fcn\u00fc&#8217;n\u00fcn resmiyet kazanmas\u0131ndan 58 y\u0131l sonra, 1972 y\u0131l\u0131na kadar \u00fclke \u00e7ap\u0131nda bir tatil g\u00fcn\u00fc haline getirilmemi\u015ftir. 1920&#8217;lerde ve 30&#8217;larda iki g\u00fcn\u00fc birle\u015ftirerek &#8220;Ebeveynler G\u00fcn\u00fc&#8221; [&hellip;]<\/p>\n","protected":false},"author":14,"featured_media":42921,"comment_status":"open","ping_status":"open","sticky":false,"template":"","format":"standard","meta":[],"categories":[13080],"tags":[20360,19510],"yst_prominent_words":[7283,7282,7281,2313,5537,1725,6373,7284,7286,7285,4921,7287,5503],"_links":{"self":[{"href":"https:\/\/blog.talk.edu\/tr\/wp-json\/wp\/v2\/posts\/42916"}],"collection":[{"href":"https:\/\/blog.talk.edu\/tr\/wp-json\/wp\/v2\/posts"}],"about":[{"href":"https:\/\/blog.talk.edu\/tr\/wp-json\/wp\/v2\/types\/post"}],"author":[{"embeddable":true,"href":"https:\/\/blog.talk.edu\/tr\/wp-json\/wp\/v2\/users\/14"}],"replies":[{"embeddable":true,"href":"https:\/\/blog.talk.edu\/tr\/wp-json\/wp\/v2\/comments?post=42916"}],"version-history":[{"count":0,"href":"https:\/\/blog.talk.edu\/tr\/wp-json\/wp\/v2\/posts\/42916\/revisions"}],"wp:featuredmedia":[{"embeddable":true,"href":"https:\/\/blog.talk.edu\/tr\/wp-json\/wp\/v2\/media\/42921"}],"wp:attachment":[{"href":"https:\/\/blog.talk.edu\/tr\/wp-json\/wp\/v2\/media?parent=42916"}],"wp:term":[{"taxonomy":"category","embeddable":true,"href":"https:\/\/blog.talk.edu\/tr\/wp-json\/wp\/v2\/categories?post=42916"},{"taxonomy":"post_tag","embeddable":true,"href":"https:\/\/blog.talk.edu\/tr\/wp-json\/wp\/v2\/tags?post=42916"},{"taxonomy":"yst_prominent_words","embeddable":true,"href":"https:\/\/blog.talk.edu\/tr\/wp-json\/wp\/v2\/yst_prominent_words?post=42916"}],"curies":[{"name":"wp","href":"https:\/\/api.w.org\/{rel}","templated":true}]}}