{"id":42900,"date":"2024-12-13T10:53:01","date_gmt":"2024-12-13T15:53:01","guid":{"rendered":"https:\/\/blog.talk.edu\/yaz-gundonumu\/"},"modified":"2024-12-13T10:53:01","modified_gmt":"2024-12-13T15:53:01","slug":"yaz-gundonumu","status":"publish","type":"post","link":"https:\/\/blog.talk.edu\/tr\/universite-hayati\/yaz-gundonumu\/","title":{"rendered":"Yaz G\u00fcnd\u00f6n\u00fcm\u00fc"},"content":{"rendered":"<p><span style=\"color: #003366;\"><em><strong>&#8220;\u0130ki hafta sonra y\u0131l\u0131n en uzun g\u00fcn\u00fc olacak&#8230; Her zaman y\u0131l\u0131n en uzun g\u00fcn\u00fcn\u00fc bekleyip sonra da ka\u00e7\u0131r\u0131r m\u0131s\u0131n? Ben her zaman y\u0131l\u0131n en uzun g\u00fcn\u00fcn\u00fc bekler ve sonra da ka\u00e7\u0131r\u0131r\u0131m.&#8221; <\/strong><\/em>F. Scott Fitzgerald<\/span><\/p>\n<p>Kuzey Yar\u0131mk\u00fcre&#8217;de Yaz G\u00fcnd\u00f6n\u00fcm\u00fc 20 Haziran veya 21 Haziran&#8217;da ger\u00e7ekle\u015fir. Bu tarih, y\u0131l\u0131n en uzun g\u00fcn \u0131\u015f\u0131\u011f\u0131 s\u00fcresini beraberinde getirir. G\u00fcne\u015f \u0131\u015f\u0131\u011f\u0131 saatleri konuma ba\u011fl\u0131 olsa da, bir\u00e7ok b\u00f6lge o g\u00fcn 16 saatlik \u0131\u015f\u0131k g\u00f6recektir. G\u00fcnd\u00f6n\u00fcm\u00fcn\u00fcn zamanlamas\u0131, G\u00fcne\u015f&#8217;in ekvatorun kuzeyindeki en uzak noktas\u0131na ne zaman ula\u015ft\u0131\u011f\u0131na ba\u011fl\u0131d\u0131r. G\u00fcnd\u00f6n\u00fcm\u00fc Kuzey Yar\u0131mk\u00fcre&#8217;de yaz\u0131n ba\u015flang\u0131c\u0131n\u0131 m\u00fcjdeler.    <\/p>\n<p><img loading=\"lazy\" class=\"alignleft wp-image-12034\" src=\"https:\/\/blog.talk.edu\/wp-content\/uploads\/happy-summer-e1431639303499.jpg\" alt=\"mutlu yaz g\u00fcnd\u00f6n\u00fcmleri\u0307\" width=\"262\" height=\"197\"><\/p>\n<p>Almanac.com&#8217;a g\u00f6re 2015&#8217;te yaz, 21 Haziran saat 12:38&#8217;de (EDT) g\u00fcnd\u00f6n\u00fcm\u00fc ile ba\u015fl\u0131yor (Evet, Babalar G\u00fcn\u00fc ile ayn\u0131 g\u00fcn &#8211; \u00e7ifte kutlama i\u00e7in yeterli bir neden!) Yaz g\u00fcnd\u00f6n\u00fcm\u00fc ayn\u0131 zamanda H\u0131ristiyanlar ve Paganlar i\u00e7in de bir kutlama zaman\u0131d\u0131r. Eski Yunanl\u0131lar, Romal\u0131lar, Vikingler, \u00c7inliler, Maya ve Aztekler, Druidler ve Amerikan yerlileri yaz ve k\u0131\u015f g\u00fcnd\u00f6n\u00fcmlerini d\u00fcnyay\u0131 ve g\u00f6ky\u00fcz\u00fcn\u00fc onurland\u0131rmak i\u00e7in rit\u00fceller, kutlamalar ve g\u00f6zlemlerle kutlam\u0131\u015flard\u0131r. H\u0131ristiyanl\u0131kta yaz\u0131n ilk g\u00fcn\u00fc Vaftizci Yahya&#8217;n\u0131n bayram\u0131 olarak kutlan\u0131rken, Paganizm&#8217;de takip\u00e7iler &#8220;yaz ortas\u0131&#8221; olarak adland\u0131rd\u0131klar\u0131 d\u00f6nemi \u015fenlik ate\u015fleri ve \u015f\u00f6lenlerle kutlarlar. Bu Yaz Ortas\u0131 Kutlamalar\u0131 ve rit\u00fcelleri Avrupa \u00fclkelerinde ve Avrupa ya da H\u0131ristiyan geleneklerinin yay\u0131ld\u0131\u011f\u0131 yerlerin \u00f6tesinde ger\u00e7ekle\u015fmektedir. Yaz g\u00fcnd\u00f6n\u00fcm\u00fc y\u0131l\u0131n en uzun g\u00fcn\u00fc anlam\u0131na gelir, ancak en s\u0131cak g\u00fcn\u00fc olmas\u0131 gerekmez. Space.com&#8217;a g\u00f6re, baz\u0131 co\u011frafi b\u00f6lgelerin en s\u0131cak g\u00fcnlerini g\u00f6rmesi bir ya da iki ay s\u00fcrer \u00e7\u00fcnk\u00fc D\u00fcnya&#8217;n\u0131n \u0131s\u0131nmas\u0131 zaman al\u0131r. Asl\u0131nda g\u00fcnd\u00f6n\u00fcmleri k\u0131\u015f\u0131n ya da yaz\u0131n ba\u015flang\u0131c\u0131n\u0131 i\u015faret etmezler &#8211; asl\u0131nda her mevsimin orta noktas\u0131d\u0131rlar.    <\/p>\n<p style=\"text-align: center;\"> <strong>Yaz ortas\u0131n\u0131 nas\u0131l onurland\u0131rmak isterseniz isteyin, Yaz G\u00fcnd\u00f6n\u00fcm\u00fc G\u00fcn\u00fcn\u00fcz kutlu olsun!<\/strong><\/p>\n<p style=\"text-align: center;\"><strong> <\/strong><\/p>\n<p>&nbsp;<\/p>\n<p>&nbsp;<\/p>\n<p>&nbsp;<\/p>\n<p>&nbsp;<\/p>\n<p>&nbsp;<\/p>\n","protected":false},"excerpt":{"rendered":"<p>&#8220;\u0130ki hafta sonra y\u0131l\u0131n en uzun g\u00fcn\u00fc olacak&#8230; Her zaman y\u0131l\u0131n en uzun g\u00fcn\u00fcn\u00fc bekleyip sonra da ka\u00e7\u0131r\u0131r m\u0131s\u0131n? Ben her zaman y\u0131l\u0131n en uzun g\u00fcn\u00fcn\u00fc bekler ve sonra da ka\u00e7\u0131r\u0131r\u0131m.&#8221; F. Scott Fitzgerald Kuzey Yar\u0131mk\u00fcre&#8217;de Yaz G\u00fcnd\u00f6n\u00fcm\u00fc 20 Haziran veya 21 Haziran&#8217;da ger\u00e7ekle\u015fir. Bu tarih, y\u0131l\u0131n en uzun g\u00fcn \u0131\u015f\u0131\u011f\u0131 s\u00fcresini beraberinde getirir. G\u00fcne\u015f [&hellip;]<\/p>\n","protected":false},"author":14,"featured_media":42902,"comment_status":"open","ping_status":"open","sticky":false,"template":"","format":"standard","meta":[],"categories":[13080],"tags":[20344,20346,20246],"yst_prominent_words":[5078,7297,7295,2849,7299,7293,3873,6373,7290,7294,7289,7298,5106,7291,7292,1686,7288,5128,7296,5127],"_links":{"self":[{"href":"https:\/\/blog.talk.edu\/tr\/wp-json\/wp\/v2\/posts\/42900"}],"collection":[{"href":"https:\/\/blog.talk.edu\/tr\/wp-json\/wp\/v2\/posts"}],"about":[{"href":"https:\/\/blog.talk.edu\/tr\/wp-json\/wp\/v2\/types\/post"}],"author":[{"embeddable":true,"href":"https:\/\/blog.talk.edu\/tr\/wp-json\/wp\/v2\/users\/14"}],"replies":[{"embeddable":true,"href":"https:\/\/blog.talk.edu\/tr\/wp-json\/wp\/v2\/comments?post=42900"}],"version-history":[{"count":0,"href":"https:\/\/blog.talk.edu\/tr\/wp-json\/wp\/v2\/posts\/42900\/revisions"}],"wp:featuredmedia":[{"embeddable":true,"href":"https:\/\/blog.talk.edu\/tr\/wp-json\/wp\/v2\/media\/42902"}],"wp:attachment":[{"href":"https:\/\/blog.talk.edu\/tr\/wp-json\/wp\/v2\/media?parent=42900"}],"wp:term":[{"taxonomy":"category","embeddable":true,"href":"https:\/\/blog.talk.edu\/tr\/wp-json\/wp\/v2\/categories?post=42900"},{"taxonomy":"post_tag","embeddable":true,"href":"https:\/\/blog.talk.edu\/tr\/wp-json\/wp\/v2\/tags?post=42900"},{"taxonomy":"yst_prominent_words","embeddable":true,"href":"https:\/\/blog.talk.edu\/tr\/wp-json\/wp\/v2\/yst_prominent_words?post=42900"}],"curies":[{"name":"wp","href":"https:\/\/api.w.org\/{rel}","templated":true}]}}