{"id":39144,"date":"2024-12-12T20:45:16","date_gmt":"2024-12-13T01:45:16","guid":{"rendered":"https:\/\/blog.talk.edu\/bayilacaginiz-sonbahar-tarifleri-1\/"},"modified":"2024-12-12T20:45:16","modified_gmt":"2024-12-13T01:45:16","slug":"bayilacaginiz-sonbahar-tarifleri-1","status":"publish","type":"post","link":"https:\/\/blog.talk.edu\/tr\/talk-okullari\/bayilacaginiz-sonbahar-tarifleri-1\/","title":{"rendered":"Bay\u0131laca\u011f\u0131n\u0131z Sonbahar Tarifleri #1"},"content":{"rendered":"<p>Sonbahar, balkaba\u011f\u0131n\u0131n listenin ba\u015f\u0131nda yer ald\u0131\u011f\u0131 lezzetli tatlarla doludur. Bu sonbahar mevsiminde deneyebilece\u011finiz lezzetli tarifler arayan <a href=\"https:\/\/www.talk.edu\/\">TALK<\/a> English Schools uluslararas\u0131 \u00f6\u011frencileri i\u00e7in evde yapabilece\u011finiz bu e\u011flenceli sonbahar yemek se\u00e7eneklerini denemeye ne dersiniz? <\/p>\n<p><strong>Balkabakl\u0131 Frans\u0131z Tostu<a href=\"https:\/\/blog.talk.edu\/wp-content\/uploads\/\/mon081041-150x150.jpg\"><img loading=\"lazy\" class=\"alignright size-thumbnail wp-image-10954\" src=\"https:\/\/blog.talk.edu\/wp-content\/uploads\/\/mon081041-150x150.jpg\" alt=\"sonbahar tarifleri\" width=\"150\" height=\"150\" srcset=\"https:\/\/blog.talk.edu\/wp-content\/uploads\/mon081041-150x150.jpg 150w, https:\/\/blog.talk.edu\/wp-content\/uploads\/mon081041-300x300.jpg 300w, https:\/\/blog.talk.edu\/wp-content\/uploads\/mon081041-1024x1024.jpg 1024w, https:\/\/blog.talk.edu\/wp-content\/uploads\/mon081041-266x266.jpg 266w\" sizes=\"(max-width: 150px) 100vw, 150px\" \/><\/a><\/strong><\/p>\n<p>Balkabakl\u0131 Frans\u0131z Tostu bir\u00e7ok \u00f6\u011frencinin favorisidir ve ak\u00e7aa\u011fa\u00e7 \u015furubuna buland\u0131\u011f\u0131nda son derece iyi gider. Balkabakl\u0131 Frans\u0131z tostu yapmak i\u00e7in i\u015fte ihtiyac\u0131n\u0131z olanlar. <\/p>\n<p><strong>\u0130\u00e7indekiler<\/strong><\/p>\n<ul>\n<li>8 dilim ekmek<\/li>\n<li>2 yumurta<\/li>\n<li>1\/4 \u00e7ay ka\u015f\u0131\u011f\u0131 vanilya<\/li>\n<li>1\/4 su barda\u011f\u0131 s\u00fct<\/li>\n<li>1\/4 fincan balkaba\u011f\u0131 p\u00fcresi<\/li>\n<li>1\/4 \u00e7ay ka\u015f\u0131\u011f\u0131 zencefil<\/li>\n<li>1\/2 \u00e7ay ka\u015f\u0131\u011f\u0131 tar\u00e7\u0131n<\/li>\n<li>1\/8 \u00e7ay ka\u015f\u0131\u011f\u0131 muskat<\/li>\n<li>1\/8 \u00e7ay ka\u015f\u0131\u011f\u0131 karanfil<\/li>\n<li>2 yemek ka\u015f\u0131\u011f\u0131 esmer \u015feker<\/li>\n<\/ul>\n<p><strong>Porsiyonlar: 4 porsiyon  <\/strong><\/p>\n<p>10 dakika haz\u0131rl\u0131k s\u00fcresi 20 dakika pi\u015firme s\u00fcresi 30 dakika toplam s\u00fcre<\/p>\n<p><strong>Y\u00f6ntemler<\/strong><\/p>\n<ol>\n<li>Esmer \u015feker, muskat, karanfil, zencefil, tar\u00e7\u0131n, vanilya, balkaba\u011f\u0131 p\u00fcresi, s\u00fct ve yumurtalar\u0131 kolay dald\u0131r\u0131labilen al\u00e7ak ve d\u00fcz bir kapta kar\u0131\u015ft\u0131r\u0131n.<\/li>\n<li>Oca\u011f\u0131n\u0131z\u0131 orta ate\u015fte a\u00e7\u0131n ve bir tavay\u0131 \u0131s\u0131t\u0131n.<\/li>\n<li>Ekme\u011fi al\u0131n ve yumurta kar\u0131\u015f\u0131m\u0131na bat\u0131rarak her iki taraf\u0131n\u0131n da kaplanmas\u0131n\u0131 sa\u011flay\u0131n, ard\u0131ndan bir tavaya koyarak hafif\u00e7e k\u0131zarana kadar \u0131zgara yap\u0131n. Her iki taraf\u0131 da 2-3 dakika pi\u015firilmelidir. <\/li>\n<li>Pi\u015fen par\u00e7alar\u0131 bir taba\u011fa yerle\u015ftirin, pi\u015fti\u011finde oca\u011f\u0131 kapat\u0131n ve Balkabakl\u0131 Frans\u0131z Tostunun lezzetinin tad\u0131n\u0131 \u00e7\u0131kar\u0131n.<\/li>\n<\/ol>\n<p><strong>Balkabakl\u0131 Turta S\u0131cak Beyaz \u00c7ikolata<\/strong><\/p>\n<p>Balkaba\u011f\u0131 ve beyaz \u00e7ikolata muhte\u015fem bir lezzet kombinasyonudur. Balkaba\u011f\u0131 aromas\u0131n\u0131 s\u0131cak \u00e7ikolata ile birle\u015ftirdi\u011finizde so\u011fuk k\u0131\u015f g\u00fcnlerinde damak tad\u0131n\u0131z\u0131n patlayaca\u011f\u0131n\u0131 g\u00f6receksiniz. \u0130\u015fte bu harika tarifi nas\u0131l yapabilece\u011finiz.  <\/p>\n<p><strong>\u0130\u00e7indekiler<\/strong><\/p>\n<ul>\n<li>Bir tutam tuz<\/li>\n<li>1 su barda\u011f\u0131 balkaba\u011f\u0131 p\u00fcresi<\/li>\n<li>3 su barda\u011f\u0131 tam ya\u011fl\u0131 s\u00fct<\/li>\n<li>1\/4 \u00e7ay ka\u015f\u0131\u011f\u0131 zencefil<\/li>\n<li>1\/2 \u00e7ay ka\u015f\u0131\u011f\u0131 tar\u00e7\u0131n<\/li>\n<li>1\/8 \u00e7ay ka\u015f\u0131\u011f\u0131 muskat<\/li>\n<li>1\/8 \u00e7ay ka\u015f\u0131\u011f\u0131 karanfil<\/li>\n<li>4 ons kabaca do\u011franm\u0131\u015f beyaz \u00e7ikolata<\/li>\n<li>1 \u00e7ay ka\u015f\u0131\u011f\u0131 vanilya<\/li>\n<\/ul>\n<p><strong>Porsiyonlar: 4 porsiyon b\u00fcy\u00fckl\u00fc\u011f\u00fc<\/strong><\/p>\n<p>5 dakika haz\u0131rl\u0131k s\u00fcresi 5 dakika pi\u015firme s\u00fcresi 10 dakika toplam s\u00fcre<\/p>\n<p><strong><br \/>\nY\u00f6ntem<\/strong><\/p>\n<ol>\n<li>Balkaba\u011f\u0131 p\u00fcresi, s\u00fct, vanilya ve baharatlar\u0131 bir sos tenceresinde kar\u0131\u015ft\u0131r\u0131p kaynamaya ba\u015flayana kadar \u0131s\u0131t\u0131n ve ard\u0131ndan h\u0131zl\u0131ca ocaktan al\u0131n.<\/li>\n<li>\u00c7ikolatay\u0131 kar\u0131\u015f\u0131m\u0131n i\u00e7ine koyun ve eriyene kadar kar\u0131\u015ft\u0131r\u0131n.<\/li>\n<li>\u00c7ikolata kar\u0131\u015f\u0131m\u0131n\u0131z\u0131 kupalara d\u00f6k\u00fcn ve \u00fczerine \u00e7\u0131rp\u0131lm\u0131\u015f krema koyduktan sonra lezzet patlamas\u0131 i\u00e7in tar\u00e7\u0131nla s\u00fcsleyin.<\/li>\n<\/ol>\n<p><strong>YARI\u015eMA  <\/strong><\/p>\n<p>TALK English Schools, yeni ve heyecan verici Sonbahar yar\u0131\u015fmam\u0131zla yeni ve gelecek \u00f6\u011frencilere bir iPad Mini kazanma f\u0131rsat\u0131 veriyor. Bu muhte\u015fem \u00f6d\u00fcl\u00fc kazanma \u015fans\u0131 i\u00e7in tek yapman\u0131z gereken <a href=\"https:\/\/www.facebook.com\/TALKEnglishSchools\">Facebook sayfam\u0131z\u0131<\/a> be\u011fenmek ve #FALLinlove hashtag&#8217;i ile sevdi\u011finiz \u015feylerin foto\u011fraf\u0131n\u0131 y\u00fcklemek. Daha fazla bilgi i\u00e7in <a href=\"https:\/\/www.talk.edu\/sweepstakes-contests\/win-ipad-mini-talk-english-schools\/\">okul sayfam\u0131za<\/a> g\u00f6z atabilirsiniz.  <\/p>\n","protected":false},"excerpt":{"rendered":"<p>Sonbahar, balkaba\u011f\u0131n\u0131n listenin ba\u015f\u0131nda yer ald\u0131\u011f\u0131 lezzetli tatlarla doludur. Bu sonbahar mevsiminde deneyebilece\u011finiz lezzetli tarifler arayan TALK English Schools uluslararas\u0131 \u00f6\u011frencileri i\u00e7in evde yapabilece\u011finiz bu e\u011flenceli sonbahar yemek se\u00e7eneklerini denemeye ne dersiniz? Balkabakl\u0131 Frans\u0131z Tostu Balkabakl\u0131 Frans\u0131z Tostu bir\u00e7ok \u00f6\u011frencinin favorisidir ve ak\u00e7aa\u011fa\u00e7 \u015furubuna buland\u0131\u011f\u0131nda son derece iyi gider. Balkabakl\u0131 Frans\u0131z tostu yapmak i\u00e7in i\u015fte [&hellip;]<\/p>\n","protected":false},"author":14,"featured_media":39145,"comment_status":"open","ping_status":"open","sticky":false,"template":"","format":"standard","meta":[],"categories":[18054,12743],"tags":[18111,18055,18894],"yst_prominent_words":[6725,6714,6726,6729,6728,6724,8741,6727,6731,8742,1564,6732,6722,6730,6723,1733,6734,6736,6739,6733],"_links":{"self":[{"href":"https:\/\/blog.talk.edu\/tr\/wp-json\/wp\/v2\/posts\/39144"}],"collection":[{"href":"https:\/\/blog.talk.edu\/tr\/wp-json\/wp\/v2\/posts"}],"about":[{"href":"https:\/\/blog.talk.edu\/tr\/wp-json\/wp\/v2\/types\/post"}],"author":[{"embeddable":true,"href":"https:\/\/blog.talk.edu\/tr\/wp-json\/wp\/v2\/users\/14"}],"replies":[{"embeddable":true,"href":"https:\/\/blog.talk.edu\/tr\/wp-json\/wp\/v2\/comments?post=39144"}],"version-history":[{"count":0,"href":"https:\/\/blog.talk.edu\/tr\/wp-json\/wp\/v2\/posts\/39144\/revisions"}],"wp:featuredmedia":[{"embeddable":true,"href":"https:\/\/blog.talk.edu\/tr\/wp-json\/wp\/v2\/media\/39145"}],"wp:attachment":[{"href":"https:\/\/blog.talk.edu\/tr\/wp-json\/wp\/v2\/media?parent=39144"}],"wp:term":[{"taxonomy":"category","embeddable":true,"href":"https:\/\/blog.talk.edu\/tr\/wp-json\/wp\/v2\/categories?post=39144"},{"taxonomy":"post_tag","embeddable":true,"href":"https:\/\/blog.talk.edu\/tr\/wp-json\/wp\/v2\/tags?post=39144"},{"taxonomy":"yst_prominent_words","embeddable":true,"href":"https:\/\/blog.talk.edu\/tr\/wp-json\/wp\/v2\/yst_prominent_words?post=39144"}],"curies":[{"name":"wp","href":"https:\/\/api.w.org\/{rel}","templated":true}]}}