{"id":43709,"date":"2024-12-13T10:55:43","date_gmt":"2024-12-13T15:55:43","guid":{"rendered":"https:\/\/blog.talk.edu\/as-origens-do-dia-de-acao-de-gracas\/"},"modified":"2024-12-13T10:55:43","modified_gmt":"2024-12-13T15:55:43","slug":"as-origens-do-dia-de-acao-de-gracas","status":"publish","type":"post","link":"https:\/\/blog.talk.edu\/pt-br\/vida-universitaria\/as-origens-do-dia-de-acao-de-gracas\/","title":{"rendered":"As origens do Dia de A\u00e7\u00e3o de Gra\u00e7as"},"content":{"rendered":"<p><img loading=\"lazy\" class=\"size-medium wp-image-14634 alignleft\" src=\"https:\/\/blog.talk.edu\/wp-content\/uploads\/happy-thanksgiving-with-turkey-and-harvests-web-header-300x300.jpg\" alt=\"peru de a\u00e7\u00e3o de gra\u00e7as\" width=\"300\" height=\"300\">Tradicionalmente, o Dia de A\u00e7\u00e3o de Gra\u00e7as \u00e9 um dia em que amigos e familiares se re\u00fanem para comemorar com uma refei\u00e7\u00e3o especial. Essa refei\u00e7\u00e3o geralmente envolve peru, molho de cranberry, recheio, batatas, torta de ab\u00f3bora, molho e legumes. De modo geral, o Dia de A\u00e7\u00e3o de Gra\u00e7as, realizado na \u00faltima quinta-feira de novembro, \u00e9 um dia em que as pessoas agradecem por tudo o que t\u00eam em suas vidas. Em algumas cidades, s\u00e3o realizados desfiles no Dia de A\u00e7\u00e3o de Gra\u00e7as para comemorar esse feriado e marcar a abertura oficial da temporada de Natal. Durante o Dia de A\u00e7\u00e3o de Gra\u00e7as, o pa\u00eds fecha para um fim de semana de quatro dias, portanto, \u00e9 uma \u00e9poca popular para a fam\u00edlia e os amigos viajarem.  <\/p>\n<p><strong>Vida p\u00fablica<\/strong><\/p>\n<p>Durante esse feriado, a maioria das empresas, escrit\u00f3rios do governo, organiza\u00e7\u00f5es e escolas fecham no Dia de A\u00e7\u00e3o de Gra\u00e7as. Durante o feriado de A\u00e7\u00e3o de Gra\u00e7as, muitas empresas permitem que seus funcion\u00e1rios tenham um fim de semana completo de quatro dias, portanto, na maioria das vezes, as empresas ficam fechadas durante todo o per\u00edodo. Os sistemas de transporte p\u00fablico geralmente operam em um hor\u00e1rio diferente do normal. Nos EUA, o Dia de A\u00e7\u00e3o de Gra\u00e7as \u00e9 um dos per\u00edodos de viagem mais movimentados para as fam\u00edlias. Por isso, os aeroportos e as estradas ficam superlotados e congestionados.  <\/p>\n<p><strong>Hist\u00f3rico<\/strong><\/p>\n<p>Desde 1863, o Dia de A\u00e7\u00e3o de Gra\u00e7as nos EUA \u00e9 um feriado anual para os americanos. No entanto, nem todo mundo v\u00ea o Dia de A\u00e7\u00e3o de Gra\u00e7as como um dia de comemora\u00e7\u00e3o. Desde 1970, um grupo de nativos americanos e seus apoiadores protestam todos os anos em um evento chamado Dia Nacional de Luto em Plymouth Rock, Massachusetts, nesse dia. Em vez disso, \u00e9 comemorado o Dia da Heran\u00e7a Ind\u00edgena Americana. Afirma-se que o Dia de A\u00e7\u00e3o de Gra\u00e7as foi realizado pela primeira vez em El Paso, Texas, em 1598. Em 1619, um evento de A\u00e7\u00e3o de Gra\u00e7as foi realizado na col\u00f4nia da Virg\u00ednia. No entanto, as origens oficiais do Dia de A\u00e7\u00e3o de Gra\u00e7as remontam \u00e0 celebra\u00e7\u00e3o da colheita dos Peregrinos, realizada em Plymouth, Massachusetts, em 1621. Depois disso, o agradecimento ap\u00f3s a colheita tornou-se um costume mais popular, comemorado em dias diferentes e em lugares diferentes. George Washington, o primeiro presidente dos EUA, proclamou em 1789 o primeiro dia oficial de A\u00e7\u00e3o de Gra\u00e7as.   <\/p>\n","protected":false},"excerpt":{"rendered":"<p>Tradicionalmente, o Dia de A\u00e7\u00e3o de Gra\u00e7as \u00e9 um dia em que amigos e familiares se re\u00fanem para comemorar com uma refei\u00e7\u00e3o especial. Essa refei\u00e7\u00e3o geralmente envolve peru, molho de cranberry, recheio, batatas, torta de ab\u00f3bora, molho e legumes. De modo geral, o Dia de A\u00e7\u00e3o de Gra\u00e7as, realizado na \u00faltima quinta-feira de novembro, \u00e9 [&hellip;]<\/p>\n","protected":false},"author":14,"featured_media":0,"comment_status":"open","ping_status":"open","sticky":false,"template":"","format":"standard","meta":[],"categories":[13081],"tags":[],"yst_prominent_words":[],"_links":{"self":[{"href":"https:\/\/blog.talk.edu\/pt-br\/wp-json\/wp\/v2\/posts\/43709"}],"collection":[{"href":"https:\/\/blog.talk.edu\/pt-br\/wp-json\/wp\/v2\/posts"}],"about":[{"href":"https:\/\/blog.talk.edu\/pt-br\/wp-json\/wp\/v2\/types\/post"}],"author":[{"embeddable":true,"href":"https:\/\/blog.talk.edu\/pt-br\/wp-json\/wp\/v2\/users\/14"}],"replies":[{"embeddable":true,"href":"https:\/\/blog.talk.edu\/pt-br\/wp-json\/wp\/v2\/comments?post=43709"}],"version-history":[{"count":0,"href":"https:\/\/blog.talk.edu\/pt-br\/wp-json\/wp\/v2\/posts\/43709\/revisions"}],"wp:attachment":[{"href":"https:\/\/blog.talk.edu\/pt-br\/wp-json\/wp\/v2\/media?parent=43709"}],"wp:term":[{"taxonomy":"category","embeddable":true,"href":"https:\/\/blog.talk.edu\/pt-br\/wp-json\/wp\/v2\/categories?post=43709"},{"taxonomy":"post_tag","embeddable":true,"href":"https:\/\/blog.talk.edu\/pt-br\/wp-json\/wp\/v2\/tags?post=43709"},{"taxonomy":"yst_prominent_words","embeddable":true,"href":"https:\/\/blog.talk.edu\/pt-br\/wp-json\/wp\/v2\/yst_prominent_words?post=43709"}],"curies":[{"name":"wp","href":"https:\/\/api.w.org\/{rel}","templated":true}]}}