{"id":42823,"date":"2024-12-13T10:52:37","date_gmt":"2024-12-13T15:52:37","guid":{"rendered":"https:\/\/blog.talk.edu\/ferias-de-verao-nos-eua\/"},"modified":"2024-12-13T10:52:37","modified_gmt":"2024-12-13T15:52:37","slug":"ferias-de-verao-nos-eua","status":"publish","type":"post","link":"https:\/\/blog.talk.edu\/pt-br\/vida-universitaria\/ferias-de-verao-nos-eua\/","title":{"rendered":"F\u00e9rias de ver\u00e3o nos EUA"},"content":{"rendered":"<p>Nos EUA, a tradi\u00e7\u00e3o do <a title=\"f\u00e9rias de ver\u00e3o\" href=\"https:\/\/www.talk.edu\/english-courses\/special-programs\/summer-package\/\">&#8220;summer break&#8221;<\/a>, ou seja, as longas f\u00e9rias de ver\u00e3o para os alunos, existe h\u00e1 mais de cem anos. O calend\u00e1rio acad\u00eamico com um longo feriado de ver\u00e3o s\u00f3 surgiu no in\u00edcio do s\u00e9culo XX. Anteriormente, as escolas urbanas funcionavam o ano todo com pequenos intervalos entre os trimestres. Ao contr\u00e1rio da cren\u00e7a de que os longos ver\u00f5es eram o resultado do calend\u00e1rio agr\u00edcola que exigia que as crian\u00e7as trabalhassem na fazenda nos meses de ver\u00e3o, as<a title=\"f\u00e9rias de ver\u00e3o\" href=\"https:\/\/en.wikipedia.org\/wiki\/Summer_vacation\" target=\"_blank\" rel=\"noopener\"> f\u00e9rias de ver\u00e3o<\/a> foram, na verdade, o resultado de um esfor\u00e7o para padronizar o ensino em todo o pa\u00eds. A urbaniza\u00e7\u00e3o criou as longas f\u00e9rias de ver\u00e3o, n\u00e3o uma economia agr\u00edcola. Se todos os alunos tivessem mais ou menos a mesma programa\u00e7\u00e3o, seria mais f\u00e1cil administrar testes e vender materiais educacionais padronizados, como livros did\u00e1ticos.<br \/>\nAs f\u00e9rias de ver\u00e3o geralmente duram cerca de 12 a 14 semanas, dependendo de onde voc\u00ea mora. Nos estados do norte, as f\u00e9rias de ver\u00e3o geralmente come\u00e7am no in\u00edcio de junho e terminam no in\u00edcio de setembro. Nos estados do sul e do oeste, elas geralmente come\u00e7am no final de maio e terminam no final de agosto.       <\/p>\n<h2>Os pr\u00f3s e contras das f\u00e9rias de ver\u00e3o<\/h2>\n<p>Algumas das vantagens das f\u00e9rias de ver\u00e3o para os alunos incluem:<br \/>\n&#8211; Uma pausa do mundo acad\u00eamico da escola, que pode ser muito pressionado. &#8211; Voc\u00ea pode ter um feriado prolongado e tamb\u00e9m ter tempo suficiente para fazer viagens longas. &#8211; Acampamento de ver\u00e3o! E voc\u00ea pode fazer muitas atividades e novas amizades que isso proporciona. &#8211; Refresca os alunos e os prepara para o novo ano de estudos. Desvantagens das <strong>f\u00e9rias de ver\u00e3o<\/strong><br \/>\nAlgumas das desvantagens das f\u00e9rias de ver\u00e3o incluem:<br \/>\n&#8211; Os pais podem ter problemas para encontrar atividades adequadas durante as longas semanas. &#8211; Voc\u00ea pode esquecer informa\u00e7\u00f5es importantes que aprendeu anteriormente durante o ano. &#8211; Voc\u00ea pode perder o contato com os amigos durante esse per\u00edodo. De modo geral, os alunos adoram as longas <em>f\u00e9rias de ver\u00e3o<\/em> e as veem como um momento para refletir sobre o ano anterior, preparar-se para o ano seguinte, passar tempo com amigos e familiares e buscar aventura e divers\u00e3o antes do pr\u00f3ximo grande ano de estudos.<\/p>\n","protected":false},"excerpt":{"rendered":"<p>Nos EUA, a tradi\u00e7\u00e3o do &#8220;summer break&#8221;, ou seja, as longas f\u00e9rias de ver\u00e3o para os alunos, existe h\u00e1 mais de cem anos. O calend\u00e1rio acad\u00eamico com um longo feriado de ver\u00e3o s\u00f3 surgiu no in\u00edcio do s\u00e9culo XX. Anteriormente, as escolas urbanas funcionavam o ano todo com pequenos intervalos entre os trimestres. Ao contr\u00e1rio [&hellip;]<\/p>\n","protected":false},"author":14,"featured_media":42827,"comment_status":"open","ping_status":"open","sticky":false,"template":"","format":"standard","meta":[],"categories":[13081],"tags":[20214,20259,19568,20260],"yst_prominent_words":[4524,1605,6526,6235,6889,7417,7414,5540,7419,7418,7416,3850,6549,5579,1702,1766,7413,7415,5128,2393],"_links":{"self":[{"href":"https:\/\/blog.talk.edu\/pt-br\/wp-json\/wp\/v2\/posts\/42823"}],"collection":[{"href":"https:\/\/blog.talk.edu\/pt-br\/wp-json\/wp\/v2\/posts"}],"about":[{"href":"https:\/\/blog.talk.edu\/pt-br\/wp-json\/wp\/v2\/types\/post"}],"author":[{"embeddable":true,"href":"https:\/\/blog.talk.edu\/pt-br\/wp-json\/wp\/v2\/users\/14"}],"replies":[{"embeddable":true,"href":"https:\/\/blog.talk.edu\/pt-br\/wp-json\/wp\/v2\/comments?post=42823"}],"version-history":[{"count":0,"href":"https:\/\/blog.talk.edu\/pt-br\/wp-json\/wp\/v2\/posts\/42823\/revisions"}],"wp:featuredmedia":[{"embeddable":true,"href":"https:\/\/blog.talk.edu\/pt-br\/wp-json\/wp\/v2\/media\/42827"}],"wp:attachment":[{"href":"https:\/\/blog.talk.edu\/pt-br\/wp-json\/wp\/v2\/media?parent=42823"}],"wp:term":[{"taxonomy":"category","embeddable":true,"href":"https:\/\/blog.talk.edu\/pt-br\/wp-json\/wp\/v2\/categories?post=42823"},{"taxonomy":"post_tag","embeddable":true,"href":"https:\/\/blog.talk.edu\/pt-br\/wp-json\/wp\/v2\/tags?post=42823"},{"taxonomy":"yst_prominent_words","embeddable":true,"href":"https:\/\/blog.talk.edu\/pt-br\/wp-json\/wp\/v2\/yst_prominent_words?post=42823"}],"curies":[{"name":"wp","href":"https:\/\/api.w.org\/{rel}","templated":true}]}}