{"id":31190,"date":"2024-12-12T19:05:59","date_gmt":"2024-12-13T00:05:59","guid":{"rendered":"https:\/\/blog.talk.edu\/black-friday-um-breve-historico\/"},"modified":"2024-12-12T19:05:59","modified_gmt":"2024-12-13T00:05:59","slug":"black-friday-um-breve-historico","status":"publish","type":"post","link":"https:\/\/blog.talk.edu\/pt-br\/imersao-cultural\/black-friday-um-breve-historico\/","title":{"rendered":"Black Friday &#8211; um breve hist\u00f3rico"},"content":{"rendered":"<p>Todos n\u00f3s j\u00e1 ouvimos falar da <a href=\"\/learn-english\/?p=10342\">Black Friday<\/a>, o dia seguinte ao Dia de A\u00e7\u00e3o de Gra\u00e7as nos Estados Unidos. O maior dia de compras do ano, as filas se estendem por quil\u00f4metros em busca das melhores pechinchas nas lojas &#8230; <\/p>\n<h2>As origens da Black Friday<\/h2>\n<div id=\"attachment_5250\" style=\"width: 310px\" class=\"wp-caption alignright\"><img aria-describedby=\"caption-attachment-5250\" loading=\"lazy\" class=\"size-medium wp-image-5250\" src=\"https:\/\/blog.talk.edu\/wp-content\/uploads\/2013\/12\/black-friday-cyber-monday-300x211.jpg\" alt=\"a vida ao ar livre ...\" width=\"300\" height=\"231\"><p id=\"caption-attachment-5250\" class=\"wp-caption-text\">a vida ao ar livre &#8230;<\/p><\/div>\n<ol>\n<li><a href=\"https:\/\/en.wikipedia.org\/wiki\/Black_Friday_(shopping)\" target=\"_blank\" rel=\"noopener\">A Black Friday<\/a> \u00e9 tradicionalmente o in\u00edcio da temporada de compras de Natal. A temporada de compras de Natal \u00e9 de enorme import\u00e2ncia para os varejistas americanos e, embora a maioria dos varejistas tenha a inten\u00e7\u00e3o de obter lucros em todos os trimestres do ano, alguns varejistas s\u00e3o t\u00e3o dependentes da temporada de compras de Natal que o trimestre que inclui o Natal produz todos os lucros do ano e compensa as perdas de outros trimestres. <\/li>\n<li>Nesse dia, a maioria dos grandes varejistas abre bem cedo e oferece promo\u00e7\u00f5es para dar in\u00edcio \u00e0 temporada de compras de fim de ano<\/li>\n<li>A Black Friday n\u00e3o \u00e9 um feriado oficial.<\/li>\n<li>Por que &#8220;Black Friday&#8221;? Hoje em dia, explicamos que o nome tem origem no fato de os varejistas usarem as grandes receitas do dia como uma oportunidade de &#8220;entrar no azul&#8221; e se tornarem lucrativos para o ano. No entanto, os primeiros usos registrados do termo &#8220;Black Friday&#8221; s\u00e3o um pouco menos cor-de-rosa: De acordo com os pesquisadores, o nome &#8220;Black Friday&#8221; remonta \u00e0 Filad\u00e9lfia, em meados da d\u00e9cada de 1960. A sexta-feira em quest\u00e3o fica entre o Dia de A\u00e7\u00e3o de Gra\u00e7as e o tradicional jogo de futebol americano entre o Ex\u00e9rcito e a Marinha, que \u00e9 disputado na Filad\u00e9lfia no s\u00e1bado seguinte, portanto, embora esse per\u00edodo fosse bom para os varejistas, eles eram um grande inc\u00f4modo para os policiais, motoristas de t\u00e1xi e qualquer pessoa que tivesse que negociar nas ruas da cidade, e eles a chamavam de &#8220;Black Friday&#8221; para refletir o quanto era irritante.   <\/li>\n<\/ol>\n<p>Portanto, se voc\u00ea quiser mergulhar literalmente na cultura americana, aproveite essa oportunidade &#8211; saia para fazer compras na Black Friday!<\/p>\n<h5><\/h5>\n<p>&nbsp;<\/p>\n<p><a href=\"http:\/\/www.lackuna.com\/2012\/11\/23\/why-is-black-friday-black-friday\/#RiIJK03qgI3t5ImU.99\"> <\/a><\/p>\n","protected":false},"excerpt":{"rendered":"<p>Todos n\u00f3s j\u00e1 ouvimos falar da Black Friday, o dia seguinte ao Dia de A\u00e7\u00e3o de Gra\u00e7as nos Estados Unidos. O maior dia de compras do ano, as filas se estendem por quil\u00f4metros em busca das melhores pechinchas nas lojas &#8230; As origens da Black Friday A Black Friday \u00e9 tradicionalmente o in\u00edcio da temporada [&hellip;]<\/p>\n","protected":false},"author":14,"featured_media":0,"comment_status":"open","ping_status":"open","sticky":false,"template":"","format":"standard","meta":[],"categories":[10279],"tags":[14029,12747],"yst_prominent_words":[1886,6182,11401,1723,6192,6189,6188,11402,1725,5514,5488,1845,6196,6197,6194,4618,1728,3294,6190,1567],"_links":{"self":[{"href":"https:\/\/blog.talk.edu\/pt-br\/wp-json\/wp\/v2\/posts\/31190"}],"collection":[{"href":"https:\/\/blog.talk.edu\/pt-br\/wp-json\/wp\/v2\/posts"}],"about":[{"href":"https:\/\/blog.talk.edu\/pt-br\/wp-json\/wp\/v2\/types\/post"}],"author":[{"embeddable":true,"href":"https:\/\/blog.talk.edu\/pt-br\/wp-json\/wp\/v2\/users\/14"}],"replies":[{"embeddable":true,"href":"https:\/\/blog.talk.edu\/pt-br\/wp-json\/wp\/v2\/comments?post=31190"}],"version-history":[{"count":0,"href":"https:\/\/blog.talk.edu\/pt-br\/wp-json\/wp\/v2\/posts\/31190\/revisions"}],"wp:attachment":[{"href":"https:\/\/blog.talk.edu\/pt-br\/wp-json\/wp\/v2\/media?parent=31190"}],"wp:term":[{"taxonomy":"category","embeddable":true,"href":"https:\/\/blog.talk.edu\/pt-br\/wp-json\/wp\/v2\/categories?post=31190"},{"taxonomy":"post_tag","embeddable":true,"href":"https:\/\/blog.talk.edu\/pt-br\/wp-json\/wp\/v2\/tags?post=31190"},{"taxonomy":"yst_prominent_words","embeddable":true,"href":"https:\/\/blog.talk.edu\/pt-br\/wp-json\/wp\/v2\/yst_prominent_words?post=31190"}],"curies":[{"name":"wp","href":"https:\/\/api.w.org\/{rel}","templated":true}]}}