{"id":42938,"date":"2024-12-13T10:53:08","date_gmt":"2024-12-13T15:53:08","guid":{"rendered":"https:\/\/blog.talk.edu\/solsticio-de-verano\/"},"modified":"2024-12-13T10:53:08","modified_gmt":"2024-12-13T15:53:08","slug":"solsticio-de-verano","status":"publish","type":"post","link":"https:\/\/blog.talk.edu\/es\/vida-universitaria-es\/solsticio-de-verano\/","title":{"rendered":"Solsticio de verano"},"content":{"rendered":"<p><span style=\"color: #003366;\"><em><strong>\u00abDentro de dos semanas ser\u00e1 el d\u00eda m\u00e1s largo del a\u00f1o&#8230; \u00bfSiempre esperas a que llegue el d\u00eda m\u00e1s largo del a\u00f1o y luego te lo pierdes? Siempre estoy pendiente del d\u00eda m\u00e1s largo del a\u00f1o y luego me lo pierdo\u00bb. <\/strong><\/em>F. Scott Fitzgerald<\/span><\/p>\n<p>El solsticio de verano en el hemisferio norte tiene lugar el 20 o el 21 de junio. Es la fecha en que se produce la mayor franja de luz diurna del a\u00f1o. Aunque las horas de luz solar dependen de la ubicaci\u00f3n, muchas zonas ver\u00e1n 16 horas de luz ese d\u00eda. El momento del solsticio depende de cu\u00e1ndo el Sol alcanza su punto m\u00e1s alejado al norte del ecuador. El solsticio anuncia el comienzo del verano en el Hemisferio Norte.    <\/p>\n<p><img loading=\"lazy\" class=\"alignleft wp-image-12034\" src=\"https:\/\/blog.talk.edu\/wp-content\/uploads\/happy-summer-e1431639303499.jpg\" alt=\"feliz solsticio de verano\" width=\"262\" height=\"197\"><\/p>\n<p>En 2015, el verano comienza con el solsticio el 21 de junio a las 12:38 p.m. EDT, seg\u00fan Almanac.com (S\u00ed, el mismo d\u00eda que el D\u00eda del Padre, \u00a1motivo suficiente para una doble celebraci\u00f3n!) El solsticio de verano tambi\u00e9n es un momento de celebraci\u00f3n para cristianos y paganos. Los antiguos griegos, romanos, vikingos, chinos, mayas y aztecas, druidas y nativos americanos han marcado los solsticios -de verano y de invierno- con rituales, celebraciones y observancias para honrar a la tierra y a los cielos. En el cristianismo, el primer d\u00eda del verano se celebra la fiesta de San Juan Bautista, y en el paganismo los seguidores celebran lo que llaman \u00abpleno verano\u00bb con hogueras y fiestas. Estas celebraciones y rituales del solsticio de verano tienen lugar en todos los pa\u00edses europeos y m\u00e1s all\u00e1 de donde se han extendido las tradiciones europeas o cristianas. El solsticio de verano significa el d\u00eda m\u00e1s largo del a\u00f1o, pero no necesariamente el m\u00e1s caluroso. Seg\u00fan Space.com, algunas zonas geogr\u00e1ficas tardan uno o dos meses en ver sus d\u00edas m\u00e1s c\u00e1lidos, simplemente porque la Tierra tarda en calentarse. De hecho, los solsticios no marcan en absoluto el comienzo del invierno o del verano, sino que son el punto medio de cada estaci\u00f3n.    <\/p>\n<p style=\"text-align: center;\"> <strong>Sea como sea que quieras honrar el solsticio de verano, \u00a1feliz D\u00eda del Solsticio de Verano!<\/strong><\/p>\n<p style=\"text-align: center;\"><strong> <\/strong><\/p>\n<p>&nbsp;<\/p>\n<p>&nbsp;<\/p>\n<p>&nbsp;<\/p>\n<p>&nbsp;<\/p>\n<p>&nbsp;<\/p>\n","protected":false},"excerpt":{"rendered":"<p>\u00abDentro de dos semanas ser\u00e1 el d\u00eda m\u00e1s largo del a\u00f1o&#8230; \u00bfSiempre esperas a que llegue el d\u00eda m\u00e1s largo del a\u00f1o y luego te lo pierdes? Siempre estoy pendiente del d\u00eda m\u00e1s largo del a\u00f1o y luego me lo pierdo\u00bb. F. Scott Fitzgerald El solsticio de verano en el hemisferio norte tiene lugar el [&hellip;]<\/p>\n","protected":false},"author":14,"featured_media":42943,"comment_status":"open","ping_status":"open","sticky":false,"template":"","format":"standard","meta":[],"categories":[13086],"tags":[20250,20368,20369],"yst_prominent_words":[5078,7297,7295,2849,7299,7293,3873,6373,7290,7294,7289,7298,5106,7291,7292,1686,7288,5128,7296,5127],"_links":{"self":[{"href":"https:\/\/blog.talk.edu\/es\/wp-json\/wp\/v2\/posts\/42938"}],"collection":[{"href":"https:\/\/blog.talk.edu\/es\/wp-json\/wp\/v2\/posts"}],"about":[{"href":"https:\/\/blog.talk.edu\/es\/wp-json\/wp\/v2\/types\/post"}],"author":[{"embeddable":true,"href":"https:\/\/blog.talk.edu\/es\/wp-json\/wp\/v2\/users\/14"}],"replies":[{"embeddable":true,"href":"https:\/\/blog.talk.edu\/es\/wp-json\/wp\/v2\/comments?post=42938"}],"version-history":[{"count":0,"href":"https:\/\/blog.talk.edu\/es\/wp-json\/wp\/v2\/posts\/42938\/revisions"}],"wp:featuredmedia":[{"embeddable":true,"href":"https:\/\/blog.talk.edu\/es\/wp-json\/wp\/v2\/media\/42943"}],"wp:attachment":[{"href":"https:\/\/blog.talk.edu\/es\/wp-json\/wp\/v2\/media?parent=42938"}],"wp:term":[{"taxonomy":"category","embeddable":true,"href":"https:\/\/blog.talk.edu\/es\/wp-json\/wp\/v2\/categories?post=42938"},{"taxonomy":"post_tag","embeddable":true,"href":"https:\/\/blog.talk.edu\/es\/wp-json\/wp\/v2\/tags?post=42938"},{"taxonomy":"yst_prominent_words","embeddable":true,"href":"https:\/\/blog.talk.edu\/es\/wp-json\/wp\/v2\/yst_prominent_words?post=42938"}],"curies":[{"name":"wp","href":"https:\/\/api.w.org\/{rel}","templated":true}]}}